{"id":2979,"date":"2026-07-04T16:06:35","date_gmt":"2026-07-04T19:06:35","guid":{"rendered":"https:\/\/verdadesenoticias.com.br\/site\/?p=2979"},"modified":"2026-07-30T09:13:17","modified_gmt":"2026-07-30T12:13:17","slug":"o-cenario-politico-do-distrito-federal-sofreu-um-abalo-sismico","status":"publish","type":"post","link":"https:\/\/verdadesenoticias.com.br\/site\/o-cenario-politico-do-distrito-federal-sofreu-um-abalo-sismico\/","title":{"rendered":"O cen\u00e1rio pol\u00edtico do Distrito Federal sofreu um abalo s\u00edsmico."},"content":{"rendered":"<p>O cen\u00e1rio pol\u00edtico do Distrito Federal sofreu um abalo s\u00edsmico. Valdemar Costa Neto, presidente nacional do PL, decidiu rifar a candidatura de Izalci Lucas ao Governo do Distrito Federal. A decis\u00e3o pegou aliados de surpresa e abre uma nova fase de incertezas e especula\u00e7\u00f5es sobre os pr\u00f3ximos passos da legenda na capital. O que vir\u00e1 a seguir? Acompanhe os detalhes no link da bio.<br \/>\ngdf brasilia bastidores eleicoes noticias articulacao candidatura dfnoticias politicaemfoco movimentacoes exclusivo noticiapolitica governodf brasiliacapital ceb<\/p>\n","protected":false},"excerpt":{"rendered":"<p>O cen\u00e1rio pol\u00edtico do Distrito Federal sofreu um abalo s\u00edsmico. Valdemar Costa Neto, presidente nacional do PL, decidiu rifar a candidatura de Izalci Lucas ao Governo do Distrito Federal. A decis\u00e3o pegou aliados de surpresa e abre uma nova fase de incertezas e especula\u00e7\u00f5es sobre os pr\u00f3ximos passos da legenda na capital. O que vir\u00e1 [&hellip;]<\/p>\n","protected":false},"author":1,"featured_media":2980,"comment_status":"open","ping_status":"open","sticky":false,"template":"","format":"standard","meta":{"footnotes":""},"categories":[1],"tags":[],"class_list":["post-2979","post","type-post","status-publish","format-standard","has-post-thumbnail","hentry","category-sem-categoria"],"_links":{"self":[{"href":"https:\/\/verdadesenoticias.com.br\/site\/wp-json\/wp\/v2\/posts\/2979","targetHints":{"allow":["GET"]}}],"collection":[{"href":"https:\/\/verdadesenoticias.com.br\/site\/wp-json\/wp\/v2\/posts"}],"about":[{"href":"https:\/\/verdadesenoticias.com.br\/site\/wp-json\/wp\/v2\/types\/post"}],"author":[{"embeddable":true,"href":"https:\/\/verdadesenoticias.com.br\/site\/wp-json\/wp\/v2\/users\/1"}],"replies":[{"embeddable":true,"href":"https:\/\/verdadesenoticias.com.br\/site\/wp-json\/wp\/v2\/comments?post=2979"}],"version-history":[{"count":1,"href":"https:\/\/verdadesenoticias.com.br\/site\/wp-json\/wp\/v2\/posts\/2979\/revisions"}],"predecessor-version":[{"id":2981,"href":"https:\/\/verdadesenoticias.com.br\/site\/wp-json\/wp\/v2\/posts\/2979\/revisions\/2981"}],"wp:featuredmedia":[{"embeddable":true,"href":"https:\/\/verdadesenoticias.com.br\/site\/wp-json\/wp\/v2\/media\/2980"}],"wp:attachment":[{"href":"https:\/\/verdadesenoticias.com.br\/site\/wp-json\/wp\/v2\/media?parent=2979"}],"wp:term":[{"taxonomy":"category","embeddable":true,"href":"https:\/\/verdadesenoticias.com.br\/site\/wp-json\/wp\/v2\/categories?post=2979"},{"taxonomy":"post_tag","embeddable":true,"href":"https:\/\/verdadesenoticias.com.br\/site\/wp-json\/wp\/v2\/tags?post=2979"}],"curies":[{"name":"wp","href":"https:\/\/api.w.org\/{rel}","templated":true}]}}