{"id":2985,"date":"2026-07-04T16:56:58","date_gmt":"2026-07-04T19:56:58","guid":{"rendered":"https:\/\/verdadesenoticias.com.br\/site\/?p=2985"},"modified":"2026-07-30T09:13:19","modified_gmt":"2026-07-30T12:13:19","slug":"mais-um-capitulo-tragico-na-saude-publica-do-distrito-federal","status":"publish","type":"post","link":"https:\/\/verdadesenoticias.com.br\/site\/mais-um-capitulo-tragico-na-saude-publica-do-distrito-federal\/","title":{"rendered":"Mais um cap\u00edtulo tr\u00e1gico na sa\u00fade p\u00fablica do Distrito Federal."},"content":{"rendered":"<p>Mais um cap\u00edtulo tr\u00e1gico na sa\u00fade p\u00fablica do Distrito Federal. A Justi\u00e7a determinou que o IGESDF e o GDF paguem pens\u00e3o \u00e0 vi\u00fava de um paciente que faleceu devido a erro m\u00e9dico no Hospital de Base. A decis\u00e3o escancara falhas graves no atendimento e na gest\u00e3o. At\u00e9 quando teremos casos como este? Acompanhe a cobertura completa em nosso site.<br \/>\nbrasilia direitos medicina noticias saudepublica distritofederal condenacao indenizacao hospital alerta vida gestaosaude df erromedico<\/p>\n","protected":false},"excerpt":{"rendered":"<p>Mais um cap\u00edtulo tr\u00e1gico na sa\u00fade p\u00fablica do Distrito Federal. A Justi\u00e7a determinou que o IGESDF e o GDF paguem pens\u00e3o \u00e0 vi\u00fava de um paciente que faleceu devido a erro m\u00e9dico no Hospital de Base. A decis\u00e3o escancara falhas graves no atendimento e na gest\u00e3o. At\u00e9 quando teremos casos como este? Acompanhe a cobertura [&hellip;]<\/p>\n","protected":false},"author":1,"featured_media":2986,"comment_status":"open","ping_status":"open","sticky":false,"template":"","format":"standard","meta":{"footnotes":""},"categories":[1],"tags":[],"class_list":["post-2985","post","type-post","status-publish","format-standard","has-post-thumbnail","hentry","category-sem-categoria"],"_links":{"self":[{"href":"https:\/\/verdadesenoticias.com.br\/site\/wp-json\/wp\/v2\/posts\/2985","targetHints":{"allow":["GET"]}}],"collection":[{"href":"https:\/\/verdadesenoticias.com.br\/site\/wp-json\/wp\/v2\/posts"}],"about":[{"href":"https:\/\/verdadesenoticias.com.br\/site\/wp-json\/wp\/v2\/types\/post"}],"author":[{"embeddable":true,"href":"https:\/\/verdadesenoticias.com.br\/site\/wp-json\/wp\/v2\/users\/1"}],"replies":[{"embeddable":true,"href":"https:\/\/verdadesenoticias.com.br\/site\/wp-json\/wp\/v2\/comments?post=2985"}],"version-history":[{"count":1,"href":"https:\/\/verdadesenoticias.com.br\/site\/wp-json\/wp\/v2\/posts\/2985\/revisions"}],"predecessor-version":[{"id":2987,"href":"https:\/\/verdadesenoticias.com.br\/site\/wp-json\/wp\/v2\/posts\/2985\/revisions\/2987"}],"wp:featuredmedia":[{"embeddable":true,"href":"https:\/\/verdadesenoticias.com.br\/site\/wp-json\/wp\/v2\/media\/2986"}],"wp:attachment":[{"href":"https:\/\/verdadesenoticias.com.br\/site\/wp-json\/wp\/v2\/media?parent=2985"}],"wp:term":[{"taxonomy":"category","embeddable":true,"href":"https:\/\/verdadesenoticias.com.br\/site\/wp-json\/wp\/v2\/categories?post=2985"},{"taxonomy":"post_tag","embeddable":true,"href":"https:\/\/verdadesenoticias.com.br\/site\/wp-json\/wp\/v2\/tags?post=2985"}],"curies":[{"name":"wp","href":"https:\/\/api.w.org\/{rel}","templated":true}]}}