{"id":2988,"date":"2026-07-04T16:58:32","date_gmt":"2026-07-04T19:58:32","guid":{"rendered":"https:\/\/verdadesenoticias.com.br\/site\/?p=2988"},"modified":"2026-07-30T09:13:20","modified_gmt":"2026-07-30T12:13:20","slug":"o-cenario-politico-volta-a-ferver-apos-um-registro-controverso","status":"publish","type":"post","link":"https:\/\/verdadesenoticias.com.br\/site\/o-cenario-politico-volta-a-ferver-apos-um-registro-controverso\/","title":{"rendered":"O cen\u00e1rio pol\u00edtico volta a ferver ap\u00f3s um registro controverso"},"content":{"rendered":"<p>O cen\u00e1rio pol\u00edtico volta a ferver ap\u00f3s um registro controverso do presidente Lula durante um evento oficial do governo. Em um momento que circula intensamente nas redes sociais, o mandat\u00e1rio aparece fazendo um gesto obsceno \u2014 o famoso \u201cdedo do meio\u201d \u2014 enquanto pronuncia a frase \u201cPorra nenhuma\u201d. O epis\u00f3dio tem gerado rea\u00e7\u00f5es imediatas e intensas. Qual sua opini\u00e3o? Deixe seu coment\u00e1rio.<br \/>\nnoticias brasilia gesto governo fato debate opiniao esplanada noticiapolitica atualidades presidencia repercussao fato lulanoticias<\/p>\n","protected":false},"excerpt":{"rendered":"<p>O cen\u00e1rio pol\u00edtico volta a ferver ap\u00f3s um registro controverso do presidente Lula durante um evento oficial do governo. Em um momento que circula intensamente nas redes sociais, o mandat\u00e1rio aparece fazendo um gesto obsceno \u2014 o famoso \u201cdedo do meio\u201d \u2014 enquanto pronuncia a frase \u201cPorra nenhuma\u201d. O epis\u00f3dio tem gerado rea\u00e7\u00f5es imediatas e [&hellip;]<\/p>\n","protected":false},"author":1,"featured_media":2989,"comment_status":"open","ping_status":"open","sticky":false,"template":"","format":"standard","meta":{"footnotes":""},"categories":[1],"tags":[],"class_list":["post-2988","post","type-post","status-publish","format-standard","has-post-thumbnail","hentry","category-sem-categoria"],"_links":{"self":[{"href":"https:\/\/verdadesenoticias.com.br\/site\/wp-json\/wp\/v2\/posts\/2988","targetHints":{"allow":["GET"]}}],"collection":[{"href":"https:\/\/verdadesenoticias.com.br\/site\/wp-json\/wp\/v2\/posts"}],"about":[{"href":"https:\/\/verdadesenoticias.com.br\/site\/wp-json\/wp\/v2\/types\/post"}],"author":[{"embeddable":true,"href":"https:\/\/verdadesenoticias.com.br\/site\/wp-json\/wp\/v2\/users\/1"}],"replies":[{"embeddable":true,"href":"https:\/\/verdadesenoticias.com.br\/site\/wp-json\/wp\/v2\/comments?post=2988"}],"version-history":[{"count":1,"href":"https:\/\/verdadesenoticias.com.br\/site\/wp-json\/wp\/v2\/posts\/2988\/revisions"}],"predecessor-version":[{"id":2990,"href":"https:\/\/verdadesenoticias.com.br\/site\/wp-json\/wp\/v2\/posts\/2988\/revisions\/2990"}],"wp:featuredmedia":[{"embeddable":true,"href":"https:\/\/verdadesenoticias.com.br\/site\/wp-json\/wp\/v2\/media\/2989"}],"wp:attachment":[{"href":"https:\/\/verdadesenoticias.com.br\/site\/wp-json\/wp\/v2\/media?parent=2988"}],"wp:term":[{"taxonomy":"category","embeddable":true,"href":"https:\/\/verdadesenoticias.com.br\/site\/wp-json\/wp\/v2\/categories?post=2988"},{"taxonomy":"post_tag","embeddable":true,"href":"https:\/\/verdadesenoticias.com.br\/site\/wp-json\/wp\/v2\/tags?post=2988"}],"curies":[{"name":"wp","href":"https:\/\/api.w.org\/{rel}","templated":true}]}}