{"id":2991,"date":"2026-07-04T19:24:01","date_gmt":"2026-07-04T22:24:01","guid":{"rendered":"https:\/\/verdadesenoticias.com.br\/site\/?p=2991"},"modified":"2026-07-30T09:13:21","modified_gmt":"2026-07-30T12:13:21","slug":"uma-excelente-noticia-para-a-populacao-em-vulnerabilidade-os-restaurantes","status":"publish","type":"post","link":"https:\/\/verdadesenoticias.com.br\/site\/uma-excelente-noticia-para-a-populacao-em-vulnerabilidade-os-restaurantes\/","title":{"rendered":"Uma excelente not\u00edcia para a popula\u00e7\u00e3o em vulnerabilidade! Os restaurantes"},"content":{"rendered":"<p>Uma excelente not\u00edcia para a popula\u00e7\u00e3o em vulnerabilidade! Os restaurantes comunit\u00e1rios de Ceil\u00e2ndia e da Estrutural j\u00e1 t\u00eam data confirmada para a reabertura: ser\u00e1 agora em julho. O an\u00fancio traz al\u00edvio para milhares de cidad\u00e3os que dependem dessas unidades para uma alimenta\u00e7\u00e3o acess\u00edvel e de qualidade. A seguran\u00e7a alimentar volta a ser prioridade. Detalhes no link.<br \/>\nestrutural gdf solidariedade politicaspublicas noticias brasilia comida populacao bemestar assistencia governodf nutricao segurancaalimentar reabertura<\/p>\n","protected":false},"excerpt":{"rendered":"<p>Uma excelente not\u00edcia para a popula\u00e7\u00e3o em vulnerabilidade! Os restaurantes comunit\u00e1rios de Ceil\u00e2ndia e da Estrutural j\u00e1 t\u00eam data confirmada para a reabertura: ser\u00e1 agora em julho. O an\u00fancio traz al\u00edvio para milhares de cidad\u00e3os que dependem dessas unidades para uma alimenta\u00e7\u00e3o acess\u00edvel e de qualidade. A seguran\u00e7a alimentar volta a ser prioridade. Detalhes no [&hellip;]<\/p>\n","protected":false},"author":1,"featured_media":2992,"comment_status":"open","ping_status":"open","sticky":false,"template":"","format":"standard","meta":{"footnotes":""},"categories":[1],"tags":[],"class_list":["post-2991","post","type-post","status-publish","format-standard","has-post-thumbnail","hentry","category-sem-categoria"],"_links":{"self":[{"href":"https:\/\/verdadesenoticias.com.br\/site\/wp-json\/wp\/v2\/posts\/2991","targetHints":{"allow":["GET"]}}],"collection":[{"href":"https:\/\/verdadesenoticias.com.br\/site\/wp-json\/wp\/v2\/posts"}],"about":[{"href":"https:\/\/verdadesenoticias.com.br\/site\/wp-json\/wp\/v2\/types\/post"}],"author":[{"embeddable":true,"href":"https:\/\/verdadesenoticias.com.br\/site\/wp-json\/wp\/v2\/users\/1"}],"replies":[{"embeddable":true,"href":"https:\/\/verdadesenoticias.com.br\/site\/wp-json\/wp\/v2\/comments?post=2991"}],"version-history":[{"count":1,"href":"https:\/\/verdadesenoticias.com.br\/site\/wp-json\/wp\/v2\/posts\/2991\/revisions"}],"predecessor-version":[{"id":2993,"href":"https:\/\/verdadesenoticias.com.br\/site\/wp-json\/wp\/v2\/posts\/2991\/revisions\/2993"}],"wp:featuredmedia":[{"embeddable":true,"href":"https:\/\/verdadesenoticias.com.br\/site\/wp-json\/wp\/v2\/media\/2992"}],"wp:attachment":[{"href":"https:\/\/verdadesenoticias.com.br\/site\/wp-json\/wp\/v2\/media?parent=2991"}],"wp:term":[{"taxonomy":"category","embeddable":true,"href":"https:\/\/verdadesenoticias.com.br\/site\/wp-json\/wp\/v2\/categories?post=2991"},{"taxonomy":"post_tag","embeddable":true,"href":"https:\/\/verdadesenoticias.com.br\/site\/wp-json\/wp\/v2\/tags?post=2991"}],"curies":[{"name":"wp","href":"https:\/\/api.w.org\/{rel}","templated":true}]}}