{"id":2994,"date":"2026-07-04T19:26:23","date_gmt":"2026-07-04T22:26:23","guid":{"rendered":"https:\/\/verdadesenoticias.com.br\/site\/?p=2994"},"modified":"2026-07-30T09:13:22","modified_gmt":"2026-07-30T12:13:22","slug":"o-ministro-do-stf-alexandre-de-moraes-reafirmou-a-decisao","status":"publish","type":"post","link":"https:\/\/verdadesenoticias.com.br\/site\/o-ministro-do-stf-alexandre-de-moraes-reafirmou-a-decisao\/","title":{"rendered":"O ministro do STF Alexandre de Moraes reafirmou a decis\u00e3o"},"content":{"rendered":"<p>O ministro do STF Alexandre de Moraes reafirmou a decis\u00e3o de manter a pris\u00e3o domiciliar humanit\u00e1ria para o ex-presidente Jair Bolsonaro. A medida, que j\u00e1 estava em vigor, foi confirmada e segue sob monitoramento. O caso continua sendo um dos temas mais debatidos no cen\u00e1rio jur\u00eddico-pol\u00edtico brasileiro. Acompanhe os desdobramentos em nosso portal.<br \/>\njusti\u00e7a noticias brasilia juridico decisao humanitaria prisao stf direitopolitico fatos politicaemfoco brasilnoticias expresidente<\/p>\n","protected":false},"excerpt":{"rendered":"<p>O ministro do STF Alexandre de Moraes reafirmou a decis\u00e3o de manter a pris\u00e3o domiciliar humanit\u00e1ria para o ex-presidente Jair Bolsonaro. A medida, que j\u00e1 estava em vigor, foi confirmada e segue sob monitoramento. O caso continua sendo um dos temas mais debatidos no cen\u00e1rio jur\u00eddico-pol\u00edtico brasileiro. Acompanhe os desdobramentos em nosso portal. justi\u00e7a noticias [&hellip;]<\/p>\n","protected":false},"author":1,"featured_media":2995,"comment_status":"open","ping_status":"open","sticky":false,"template":"","format":"standard","meta":{"footnotes":""},"categories":[1],"tags":[],"class_list":["post-2994","post","type-post","status-publish","format-standard","has-post-thumbnail","hentry","category-sem-categoria"],"_links":{"self":[{"href":"https:\/\/verdadesenoticias.com.br\/site\/wp-json\/wp\/v2\/posts\/2994","targetHints":{"allow":["GET"]}}],"collection":[{"href":"https:\/\/verdadesenoticias.com.br\/site\/wp-json\/wp\/v2\/posts"}],"about":[{"href":"https:\/\/verdadesenoticias.com.br\/site\/wp-json\/wp\/v2\/types\/post"}],"author":[{"embeddable":true,"href":"https:\/\/verdadesenoticias.com.br\/site\/wp-json\/wp\/v2\/users\/1"}],"replies":[{"embeddable":true,"href":"https:\/\/verdadesenoticias.com.br\/site\/wp-json\/wp\/v2\/comments?post=2994"}],"version-history":[{"count":1,"href":"https:\/\/verdadesenoticias.com.br\/site\/wp-json\/wp\/v2\/posts\/2994\/revisions"}],"predecessor-version":[{"id":2996,"href":"https:\/\/verdadesenoticias.com.br\/site\/wp-json\/wp\/v2\/posts\/2994\/revisions\/2996"}],"wp:featuredmedia":[{"embeddable":true,"href":"https:\/\/verdadesenoticias.com.br\/site\/wp-json\/wp\/v2\/media\/2995"}],"wp:attachment":[{"href":"https:\/\/verdadesenoticias.com.br\/site\/wp-json\/wp\/v2\/media?parent=2994"}],"wp:term":[{"taxonomy":"category","embeddable":true,"href":"https:\/\/verdadesenoticias.com.br\/site\/wp-json\/wp\/v2\/categories?post=2994"},{"taxonomy":"post_tag","embeddable":true,"href":"https:\/\/verdadesenoticias.com.br\/site\/wp-json\/wp\/v2\/tags?post=2994"}],"curies":[{"name":"wp","href":"https:\/\/api.w.org\/{rel}","templated":true}]}}