{"id":2997,"date":"2026-07-01T19:06:49","date_gmt":"2026-07-01T22:06:49","guid":{"rendered":"https:\/\/verdadesenoticias.com.br\/site\/?p=2997"},"modified":"2026-07-30T14:01:23","modified_gmt":"2026-07-30T17:01:23","slug":"a-selecao-brasileira-depara-se-com-um-obstaculo-consideravel-para-a","status":"publish","type":"post","link":"https:\/\/verdadesenoticias.com.br\/site\/a-selecao-brasileira-depara-se-com-um-obstaculo-consideravel-para-a\/","title":{"rendered":"A sele\u00e7\u00e3o brasileira depara-se com um obst\u00e1culo consider\u00e1vel para a"},"content":{"rendered":"<p>A sele\u00e7\u00e3o brasileira depara-se com um obst\u00e1culo consider\u00e1vel para a sua pr\u00f3xima partida, visto que o m\u00e9dio Lucas Paquet\u00e1 teve uma les\u00e3o muscular confirmada pelo departamento m\u00e9dico ap\u00f3s o exigente confronto contra o Jap\u00e3o na Copa. O jogador encontra-se oficialmente afastado do pr\u00f3ximo jogo, mas j\u00e1 iniciou o processo de recupera\u00e7\u00e3o f\u00edsica. Recorrendo aos \u00f3rg\u00e3os de comunica\u00e7\u00e3o e \u00e0s suas redes, Paquet\u00e1 fez quest\u00e3o de projetar um regresso triunfante ainda durante o torneio, mantendo a confian\u00e7a intacta e transmitindo serenidade aos adeptos brasileiros apesar desta contrariedade f\u00edsica inesperada.<\/p>\n","protected":false},"excerpt":{"rendered":"<p>A sele\u00e7\u00e3o brasileira depara-se com um obst\u00e1culo consider\u00e1vel para a sua pr\u00f3xima partida, visto que o m\u00e9dio Lucas Paquet\u00e1 teve uma les\u00e3o muscular confirmada pelo departamento m\u00e9dico ap\u00f3s o exigente confronto contra o Jap\u00e3o na Copa. O jogador encontra-se oficialmente afastado do pr\u00f3ximo jogo, mas j\u00e1 iniciou o processo de recupera\u00e7\u00e3o f\u00edsica. Recorrendo aos \u00f3rg\u00e3os [&hellip;]<\/p>\n","protected":false},"author":1,"featured_media":2998,"comment_status":"open","ping_status":"open","sticky":false,"template":"","format":"standard","meta":{"footnotes":""},"categories":[1],"tags":[],"class_list":["post-2997","post","type-post","status-publish","format-standard","has-post-thumbnail","hentry","category-sem-categoria"],"_links":{"self":[{"href":"https:\/\/verdadesenoticias.com.br\/site\/wp-json\/wp\/v2\/posts\/2997","targetHints":{"allow":["GET"]}}],"collection":[{"href":"https:\/\/verdadesenoticias.com.br\/site\/wp-json\/wp\/v2\/posts"}],"about":[{"href":"https:\/\/verdadesenoticias.com.br\/site\/wp-json\/wp\/v2\/types\/post"}],"author":[{"embeddable":true,"href":"https:\/\/verdadesenoticias.com.br\/site\/wp-json\/wp\/v2\/users\/1"}],"replies":[{"embeddable":true,"href":"https:\/\/verdadesenoticias.com.br\/site\/wp-json\/wp\/v2\/comments?post=2997"}],"version-history":[{"count":1,"href":"https:\/\/verdadesenoticias.com.br\/site\/wp-json\/wp\/v2\/posts\/2997\/revisions"}],"predecessor-version":[{"id":2999,"href":"https:\/\/verdadesenoticias.com.br\/site\/wp-json\/wp\/v2\/posts\/2997\/revisions\/2999"}],"wp:featuredmedia":[{"embeddable":true,"href":"https:\/\/verdadesenoticias.com.br\/site\/wp-json\/wp\/v2\/media\/2998"}],"wp:attachment":[{"href":"https:\/\/verdadesenoticias.com.br\/site\/wp-json\/wp\/v2\/media?parent=2997"}],"wp:term":[{"taxonomy":"category","embeddable":true,"href":"https:\/\/verdadesenoticias.com.br\/site\/wp-json\/wp\/v2\/categories?post=2997"},{"taxonomy":"post_tag","embeddable":true,"href":"https:\/\/verdadesenoticias.com.br\/site\/wp-json\/wp\/v2\/tags?post=2997"}],"curies":[{"name":"wp","href":"https:\/\/api.w.org\/{rel}","templated":true}]}}