{"id":3003,"date":"2026-07-01T20:20:06","date_gmt":"2026-07-01T23:20:06","guid":{"rendered":"https:\/\/verdadesenoticias.com.br\/site\/?p=3003"},"modified":"2026-07-30T14:01:25","modified_gmt":"2026-07-30T17:01:25","slug":"o-movimento-politico-do-bolsonarismo-atravessa-um-periodo-de-elevada","status":"publish","type":"post","link":"https:\/\/verdadesenoticias.com.br\/site\/o-movimento-politico-do-bolsonarismo-atravessa-um-periodo-de-elevada\/","title":{"rendered":"O movimento pol\u00edtico do bolsonarismo atravessa um per\u00edodo de elevada"},"content":{"rendered":"<p>O movimento pol\u00edtico do bolsonarismo atravessa um per\u00edodo de elevada tens\u00e3o e de fraturas estruturais perfeitamente vis\u00edveis. Damares Alves declarou de forma contundente que n\u00e3o marcar\u00e1 presen\u00e7a num evento organizado por Fl\u00e1vio Bolsonaro, ampliando substancialmente os sinais de uma crise interna profunda. Em simult\u00e2neo, a ex-primeira-dama Michelle Bolsonaro tomou a decis\u00e3o dr\u00e1stica de abandonar a presid\u00eancia do n\u00facleo PL Mulher, um desfecho que decorre diretamente do agravamento dos conflitos de poder e de s\u00e9rias diverg\u00eancias estrat\u00e9gicas travadas nos bastidores com o pr\u00f3prio Fl\u00e1vio.<\/p>\n","protected":false},"excerpt":{"rendered":"<p>O movimento pol\u00edtico do bolsonarismo atravessa um per\u00edodo de elevada tens\u00e3o e de fraturas estruturais perfeitamente vis\u00edveis. Damares Alves declarou de forma contundente que n\u00e3o marcar\u00e1 presen\u00e7a num evento organizado por Fl\u00e1vio Bolsonaro, ampliando substancialmente os sinais de uma crise interna profunda. Em simult\u00e2neo, a ex-primeira-dama Michelle Bolsonaro tomou a decis\u00e3o dr\u00e1stica de abandonar a [&hellip;]<\/p>\n","protected":false},"author":1,"featured_media":3004,"comment_status":"open","ping_status":"open","sticky":false,"template":"","format":"standard","meta":{"footnotes":""},"categories":[1],"tags":[],"class_list":["post-3003","post","type-post","status-publish","format-standard","has-post-thumbnail","hentry","category-sem-categoria"],"_links":{"self":[{"href":"https:\/\/verdadesenoticias.com.br\/site\/wp-json\/wp\/v2\/posts\/3003","targetHints":{"allow":["GET"]}}],"collection":[{"href":"https:\/\/verdadesenoticias.com.br\/site\/wp-json\/wp\/v2\/posts"}],"about":[{"href":"https:\/\/verdadesenoticias.com.br\/site\/wp-json\/wp\/v2\/types\/post"}],"author":[{"embeddable":true,"href":"https:\/\/verdadesenoticias.com.br\/site\/wp-json\/wp\/v2\/users\/1"}],"replies":[{"embeddable":true,"href":"https:\/\/verdadesenoticias.com.br\/site\/wp-json\/wp\/v2\/comments?post=3003"}],"version-history":[{"count":1,"href":"https:\/\/verdadesenoticias.com.br\/site\/wp-json\/wp\/v2\/posts\/3003\/revisions"}],"predecessor-version":[{"id":3005,"href":"https:\/\/verdadesenoticias.com.br\/site\/wp-json\/wp\/v2\/posts\/3003\/revisions\/3005"}],"wp:featuredmedia":[{"embeddable":true,"href":"https:\/\/verdadesenoticias.com.br\/site\/wp-json\/wp\/v2\/media\/3004"}],"wp:attachment":[{"href":"https:\/\/verdadesenoticias.com.br\/site\/wp-json\/wp\/v2\/media?parent=3003"}],"wp:term":[{"taxonomy":"category","embeddable":true,"href":"https:\/\/verdadesenoticias.com.br\/site\/wp-json\/wp\/v2\/categories?post=3003"},{"taxonomy":"post_tag","embeddable":true,"href":"https:\/\/verdadesenoticias.com.br\/site\/wp-json\/wp\/v2\/tags?post=3003"}],"curies":[{"name":"wp","href":"https:\/\/api.w.org\/{rel}","templated":true}]}}