{"id":3009,"date":"2026-07-01T21:30:06","date_gmt":"2026-07-02T00:30:06","guid":{"rendered":"https:\/\/verdadesenoticias.com.br\/site\/?p=3009"},"modified":"2026-07-30T14:01:28","modified_gmt":"2026-07-30T17:01:28","slug":"as-autoridades-judiciais-decidiram-atuar-de-forma-severa-e-implacavel","status":"publish","type":"post","link":"https:\/\/verdadesenoticias.com.br\/site\/as-autoridades-judiciais-decidiram-atuar-de-forma-severa-e-implacavel\/","title":{"rendered":"As autoridades judiciais decidiram atuar de forma severa e implac\u00e1vel"},"content":{"rendered":"<p>As autoridades judiciais decidiram atuar de forma severa e implac\u00e1vel contra declara\u00e7\u00f5es de \u00f3dio proferidas no espa\u00e7o digital. O Minist\u00e9rio P\u00fablico instaurou oficialmente um processo contra um conhecido influenciador que, de forma altamente pol\u00e9mica, afirmou nas suas plataformas de comunica\u00e7\u00e3o que os cidad\u00e3os mais pobres n\u00e3o deveriam ter o direito fundamental de votar. A afirma\u00e7\u00e3o gerou uma enorme onda de revolta social na internet e motivou a interven\u00e7\u00e3o imediata da justi\u00e7a para avaliar a gravidade da infra\u00e7\u00e3o, assegurando as consequ\u00eancias criminais deste discurso manifestamente discriminat\u00f3rio e antidemocr\u00e1tico.<\/p>\n","protected":false},"excerpt":{"rendered":"<p>As autoridades judiciais decidiram atuar de forma severa e implac\u00e1vel contra declara\u00e7\u00f5es de \u00f3dio proferidas no espa\u00e7o digital. O Minist\u00e9rio P\u00fablico instaurou oficialmente um processo contra um conhecido influenciador que, de forma altamente pol\u00e9mica, afirmou nas suas plataformas de comunica\u00e7\u00e3o que os cidad\u00e3os mais pobres n\u00e3o deveriam ter o direito fundamental de votar. A afirma\u00e7\u00e3o [&hellip;]<\/p>\n","protected":false},"author":1,"featured_media":3010,"comment_status":"open","ping_status":"open","sticky":false,"template":"","format":"standard","meta":{"footnotes":""},"categories":[1],"tags":[],"class_list":["post-3009","post","type-post","status-publish","format-standard","has-post-thumbnail","hentry","category-sem-categoria"],"_links":{"self":[{"href":"https:\/\/verdadesenoticias.com.br\/site\/wp-json\/wp\/v2\/posts\/3009","targetHints":{"allow":["GET"]}}],"collection":[{"href":"https:\/\/verdadesenoticias.com.br\/site\/wp-json\/wp\/v2\/posts"}],"about":[{"href":"https:\/\/verdadesenoticias.com.br\/site\/wp-json\/wp\/v2\/types\/post"}],"author":[{"embeddable":true,"href":"https:\/\/verdadesenoticias.com.br\/site\/wp-json\/wp\/v2\/users\/1"}],"replies":[{"embeddable":true,"href":"https:\/\/verdadesenoticias.com.br\/site\/wp-json\/wp\/v2\/comments?post=3009"}],"version-history":[{"count":1,"href":"https:\/\/verdadesenoticias.com.br\/site\/wp-json\/wp\/v2\/posts\/3009\/revisions"}],"predecessor-version":[{"id":3011,"href":"https:\/\/verdadesenoticias.com.br\/site\/wp-json\/wp\/v2\/posts\/3009\/revisions\/3011"}],"wp:featuredmedia":[{"embeddable":true,"href":"https:\/\/verdadesenoticias.com.br\/site\/wp-json\/wp\/v2\/media\/3010"}],"wp:attachment":[{"href":"https:\/\/verdadesenoticias.com.br\/site\/wp-json\/wp\/v2\/media?parent=3009"}],"wp:term":[{"taxonomy":"category","embeddable":true,"href":"https:\/\/verdadesenoticias.com.br\/site\/wp-json\/wp\/v2\/categories?post=3009"},{"taxonomy":"post_tag","embeddable":true,"href":"https:\/\/verdadesenoticias.com.br\/site\/wp-json\/wp\/v2\/tags?post=3009"}],"curies":[{"name":"wp","href":"https:\/\/api.w.org\/{rel}","templated":true}]}}