{"id":3016,"date":"2026-07-02T12:32:10","date_gmt":"2026-07-02T15:32:10","guid":{"rendered":"https:\/\/verdadesenoticias.com.br\/site\/?p=3016"},"modified":"2026-07-30T14:01:33","modified_gmt":"2026-07-30T17:01:33","slug":"a-politica-respira-tensao-maxima-nos-bastidores-do-partido-liberal","status":"publish","type":"post","link":"https:\/\/verdadesenoticias.com.br\/site\/a-politica-respira-tensao-maxima-nos-bastidores-do-partido-liberal\/","title":{"rendered":"A pol\u00edtica respira tens\u00e3o m\u00e1xima nos bastidores do Partido Liberal."},"content":{"rendered":"<p>A pol\u00edtica respira tens\u00e3o m\u00e1xima nos bastidores do Partido Liberal. Enquanto Michelle Bolsonaro consolida seu nome para a disputa ao Senado, a crise interna com o enteado, Fl\u00e1vio Bolsonaro, torna-se cada vez mais evidente, abrindo novas fissuras entre aliados e dividindo opini\u00f5es no n\u00facleo duro do cl\u00e3. O apoio p\u00fablico de uma aliada pr\u00f3xima da ex-primeira-dama a Fl\u00e1vio sinaliza uma estrat\u00e9gia complexa de sobreviv\u00eancia pol\u00edtica, onde as lealdades parecem estar mudando de lado diante de um cen\u00e1rio eleitoral que se desenha repleto de impasses e disputas por protagonismo.<br \/>\n Hashtags: Senado2026<\/p>\n","protected":false},"excerpt":{"rendered":"<p>A pol\u00edtica respira tens\u00e3o m\u00e1xima nos bastidores do Partido Liberal. Enquanto Michelle Bolsonaro consolida seu nome para a disputa ao Senado, a crise interna com o enteado, Fl\u00e1vio Bolsonaro, torna-se cada vez mais evidente, abrindo novas fissuras entre aliados e dividindo opini\u00f5es no n\u00facleo duro do cl\u00e3. O apoio p\u00fablico de uma aliada pr\u00f3xima da [&hellip;]<\/p>\n","protected":false},"author":1,"featured_media":3017,"comment_status":"open","ping_status":"open","sticky":false,"template":"","format":"standard","meta":{"footnotes":""},"categories":[1],"tags":[],"class_list":["post-3016","post","type-post","status-publish","format-standard","has-post-thumbnail","hentry","category-sem-categoria"],"_links":{"self":[{"href":"https:\/\/verdadesenoticias.com.br\/site\/wp-json\/wp\/v2\/posts\/3016","targetHints":{"allow":["GET"]}}],"collection":[{"href":"https:\/\/verdadesenoticias.com.br\/site\/wp-json\/wp\/v2\/posts"}],"about":[{"href":"https:\/\/verdadesenoticias.com.br\/site\/wp-json\/wp\/v2\/types\/post"}],"author":[{"embeddable":true,"href":"https:\/\/verdadesenoticias.com.br\/site\/wp-json\/wp\/v2\/users\/1"}],"replies":[{"embeddable":true,"href":"https:\/\/verdadesenoticias.com.br\/site\/wp-json\/wp\/v2\/comments?post=3016"}],"version-history":[{"count":1,"href":"https:\/\/verdadesenoticias.com.br\/site\/wp-json\/wp\/v2\/posts\/3016\/revisions"}],"predecessor-version":[{"id":3018,"href":"https:\/\/verdadesenoticias.com.br\/site\/wp-json\/wp\/v2\/posts\/3016\/revisions\/3018"}],"wp:featuredmedia":[{"embeddable":true,"href":"https:\/\/verdadesenoticias.com.br\/site\/wp-json\/wp\/v2\/media\/3017"}],"wp:attachment":[{"href":"https:\/\/verdadesenoticias.com.br\/site\/wp-json\/wp\/v2\/media?parent=3016"}],"wp:term":[{"taxonomy":"category","embeddable":true,"href":"https:\/\/verdadesenoticias.com.br\/site\/wp-json\/wp\/v2\/categories?post=3016"},{"taxonomy":"post_tag","embeddable":true,"href":"https:\/\/verdadesenoticias.com.br\/site\/wp-json\/wp\/v2\/tags?post=3016"}],"curies":[{"name":"wp","href":"https:\/\/api.w.org\/{rel}","templated":true}]}}