{"id":3022,"date":"2026-07-02T13:35:05","date_gmt":"2026-07-02T16:35:05","guid":{"rendered":"https:\/\/verdadesenoticias.com.br\/site\/?p=3022"},"modified":"2026-07-30T14:01:35","modified_gmt":"2026-07-30T17:01:35","slug":"o-embate-entre-o-publicitario-e-a-jornalista-malu-gaspar","status":"publish","type":"post","link":"https:\/\/verdadesenoticias.com.br\/site\/o-embate-entre-o-publicitario-e-a-jornalista-malu-gaspar\/","title":{"rendered":"O embate entre o publicit\u00e1rio e a jornalista Malu Gaspar"},"content":{"rendered":"<p>O embate entre o publicit\u00e1rio e a jornalista Malu Gaspar atingiu um novo patamar de hostilidade. Ap\u00f3s cr\u00edticas severas, Vorcaro afirmou categoricamente que precisava \u201cfrear\u201d a atua\u00e7\u00e3o da jornalista, prometendo, em tom de amea\u00e7a, \u201crevirar\u201d a vida da profissional em repres\u00e1lia \u00e0s reportagens publicadas. O epis\u00f3dio levanta s\u00e9rias preocupa\u00e7\u00f5es sobre o respeito \u00e0 liberdade de imprensa e aos limites do debate p\u00fablico, transformando uma diverg\u00eancia de bastidores em uma disputa pessoal que coloca em cheque a \u00e9tica e os limites da comunica\u00e7\u00e3o pol\u00edtica e do marketing agressivo aplicado contra a imprensa.<br \/>\n Hashtags:<\/p>\n","protected":false},"excerpt":{"rendered":"<p>O embate entre o publicit\u00e1rio e a jornalista Malu Gaspar atingiu um novo patamar de hostilidade. Ap\u00f3s cr\u00edticas severas, Vorcaro afirmou categoricamente que precisava \u201cfrear\u201d a atua\u00e7\u00e3o da jornalista, prometendo, em tom de amea\u00e7a, \u201crevirar\u201d a vida da profissional em repres\u00e1lia \u00e0s reportagens publicadas. O epis\u00f3dio levanta s\u00e9rias preocupa\u00e7\u00f5es sobre o respeito \u00e0 liberdade de [&hellip;]<\/p>\n","protected":false},"author":1,"featured_media":3023,"comment_status":"open","ping_status":"open","sticky":false,"template":"","format":"standard","meta":{"footnotes":""},"categories":[1],"tags":[],"class_list":["post-3022","post","type-post","status-publish","format-standard","has-post-thumbnail","hentry","category-sem-categoria"],"_links":{"self":[{"href":"https:\/\/verdadesenoticias.com.br\/site\/wp-json\/wp\/v2\/posts\/3022","targetHints":{"allow":["GET"]}}],"collection":[{"href":"https:\/\/verdadesenoticias.com.br\/site\/wp-json\/wp\/v2\/posts"}],"about":[{"href":"https:\/\/verdadesenoticias.com.br\/site\/wp-json\/wp\/v2\/types\/post"}],"author":[{"embeddable":true,"href":"https:\/\/verdadesenoticias.com.br\/site\/wp-json\/wp\/v2\/users\/1"}],"replies":[{"embeddable":true,"href":"https:\/\/verdadesenoticias.com.br\/site\/wp-json\/wp\/v2\/comments?post=3022"}],"version-history":[{"count":1,"href":"https:\/\/verdadesenoticias.com.br\/site\/wp-json\/wp\/v2\/posts\/3022\/revisions"}],"predecessor-version":[{"id":3024,"href":"https:\/\/verdadesenoticias.com.br\/site\/wp-json\/wp\/v2\/posts\/3022\/revisions\/3024"}],"wp:featuredmedia":[{"embeddable":true,"href":"https:\/\/verdadesenoticias.com.br\/site\/wp-json\/wp\/v2\/media\/3023"}],"wp:attachment":[{"href":"https:\/\/verdadesenoticias.com.br\/site\/wp-json\/wp\/v2\/media?parent=3022"}],"wp:term":[{"taxonomy":"category","embeddable":true,"href":"https:\/\/verdadesenoticias.com.br\/site\/wp-json\/wp\/v2\/categories?post=3022"},{"taxonomy":"post_tag","embeddable":true,"href":"https:\/\/verdadesenoticias.com.br\/site\/wp-json\/wp\/v2\/tags?post=3022"}],"curies":[{"name":"wp","href":"https:\/\/api.w.org\/{rel}","templated":true}]}}