{"id":3025,"date":"2026-07-02T14:10:05","date_gmt":"2026-07-02T17:10:05","guid":{"rendered":"https:\/\/verdadesenoticias.com.br\/site\/?p=3025"},"modified":"2026-07-30T14:01:36","modified_gmt":"2026-07-30T17:01:36","slug":"a-selecao-dos-estados-unidos-esta-oficialmente-classificada-para-a","status":"publish","type":"post","link":"https:\/\/verdadesenoticias.com.br\/site\/a-selecao-dos-estados-unidos-esta-oficialmente-classificada-para-a\/","title":{"rendered":"A sele\u00e7\u00e3o dos Estados Unidos est\u00e1 oficialmente classificada para a"},"content":{"rendered":"<p>A sele\u00e7\u00e3o dos Estados Unidos est\u00e1 oficialmente classificada para a Copa do Mundo de 2026! Como um dos pa\u00edses anfitri\u00f5es, a expectativa em torno do time cresce a cada dia. O elenco busca transformar o fator casa em um trunfo decisivo para, pela primeira vez em sua hist\u00f3ria, brigar de igual para igual com as pot\u00eancias mundiais do futebol. Com o apoio massivo da torcida e uma gera\u00e7\u00e3o talentosa, os EUA prometem ser uma das grandes atra\u00e7\u00f5es do torneio, que tem tudo para ser o maior e mais vibrante evento esportivo j\u00e1 realizado em solo norte-americano at\u00e9 hoje.<br \/>\n Hashtags: Esporte<\/p>\n","protected":false},"excerpt":{"rendered":"<p>A sele\u00e7\u00e3o dos Estados Unidos est\u00e1 oficialmente classificada para a Copa do Mundo de 2026! Como um dos pa\u00edses anfitri\u00f5es, a expectativa em torno do time cresce a cada dia. O elenco busca transformar o fator casa em um trunfo decisivo para, pela primeira vez em sua hist\u00f3ria, brigar de igual para igual com as [&hellip;]<\/p>\n","protected":false},"author":1,"featured_media":3026,"comment_status":"open","ping_status":"open","sticky":false,"template":"","format":"standard","meta":{"footnotes":""},"categories":[1],"tags":[],"class_list":["post-3025","post","type-post","status-publish","format-standard","has-post-thumbnail","hentry","category-sem-categoria"],"_links":{"self":[{"href":"https:\/\/verdadesenoticias.com.br\/site\/wp-json\/wp\/v2\/posts\/3025","targetHints":{"allow":["GET"]}}],"collection":[{"href":"https:\/\/verdadesenoticias.com.br\/site\/wp-json\/wp\/v2\/posts"}],"about":[{"href":"https:\/\/verdadesenoticias.com.br\/site\/wp-json\/wp\/v2\/types\/post"}],"author":[{"embeddable":true,"href":"https:\/\/verdadesenoticias.com.br\/site\/wp-json\/wp\/v2\/users\/1"}],"replies":[{"embeddable":true,"href":"https:\/\/verdadesenoticias.com.br\/site\/wp-json\/wp\/v2\/comments?post=3025"}],"version-history":[{"count":1,"href":"https:\/\/verdadesenoticias.com.br\/site\/wp-json\/wp\/v2\/posts\/3025\/revisions"}],"predecessor-version":[{"id":3027,"href":"https:\/\/verdadesenoticias.com.br\/site\/wp-json\/wp\/v2\/posts\/3025\/revisions\/3027"}],"wp:featuredmedia":[{"embeddable":true,"href":"https:\/\/verdadesenoticias.com.br\/site\/wp-json\/wp\/v2\/media\/3026"}],"wp:attachment":[{"href":"https:\/\/verdadesenoticias.com.br\/site\/wp-json\/wp\/v2\/media?parent=3025"}],"wp:term":[{"taxonomy":"category","embeddable":true,"href":"https:\/\/verdadesenoticias.com.br\/site\/wp-json\/wp\/v2\/categories?post=3025"},{"taxonomy":"post_tag","embeddable":true,"href":"https:\/\/verdadesenoticias.com.br\/site\/wp-json\/wp\/v2\/tags?post=3025"}],"curies":[{"name":"wp","href":"https:\/\/api.w.org\/{rel}","templated":true}]}}