{"id":3028,"date":"2026-07-02T14:10:06","date_gmt":"2026-07-02T17:10:06","guid":{"rendered":"https:\/\/verdadesenoticias.com.br\/site\/?p=3028"},"modified":"2026-07-30T14:01:37","modified_gmt":"2026-07-30T17:01:37","slug":"a-camara-legislativa-do-distrito-federal-aprovou-em-votacao-decisiva","status":"publish","type":"post","link":"https:\/\/verdadesenoticias.com.br\/site\/a-camara-legislativa-do-distrito-federal-aprovou-em-votacao-decisiva\/","title":{"rendered":"A C\u00e2mara Legislativa do Distrito Federal aprovou, em vota\u00e7\u00e3o decisiva,"},"content":{"rendered":"<p>A C\u00e2mara Legislativa do Distrito Federal aprovou, em vota\u00e7\u00e3o decisiva, um projeto de lei que permite a interna\u00e7\u00e3o involunt\u00e1ria de dependentes qu\u00edmicos. O texto, que gerou intenso debate entre juristas e defensores dos direitos humanos, fundamenta a medida na necessidade de oferecer um \u201ctratamento humanizado\u201d para casos extremos onde o indiv\u00edduo n\u00e3o possui capacidade de decidir por si mesmo. O governo distrital aposta na nova legisla\u00e7\u00e3o como uma ferramenta essencial para retirar pessoas das ruas e oferecer suporte m\u00e9dico, enquanto cr\u00edticos temem abusos e falta de estrutura adequada para a execu\u00e7\u00e3o plena desse modelo.<br \/>\n Hashtags:<\/p>\n","protected":false},"excerpt":{"rendered":"<p>A C\u00e2mara Legislativa do Distrito Federal aprovou, em vota\u00e7\u00e3o decisiva, um projeto de lei que permite a interna\u00e7\u00e3o involunt\u00e1ria de dependentes qu\u00edmicos. O texto, que gerou intenso debate entre juristas e defensores dos direitos humanos, fundamenta a medida na necessidade de oferecer um \u201ctratamento humanizado\u201d para casos extremos onde o indiv\u00edduo n\u00e3o possui capacidade de [&hellip;]<\/p>\n","protected":false},"author":1,"featured_media":3029,"comment_status":"open","ping_status":"open","sticky":false,"template":"","format":"standard","meta":{"footnotes":""},"categories":[1],"tags":[],"class_list":["post-3028","post","type-post","status-publish","format-standard","has-post-thumbnail","hentry","category-sem-categoria"],"_links":{"self":[{"href":"https:\/\/verdadesenoticias.com.br\/site\/wp-json\/wp\/v2\/posts\/3028","targetHints":{"allow":["GET"]}}],"collection":[{"href":"https:\/\/verdadesenoticias.com.br\/site\/wp-json\/wp\/v2\/posts"}],"about":[{"href":"https:\/\/verdadesenoticias.com.br\/site\/wp-json\/wp\/v2\/types\/post"}],"author":[{"embeddable":true,"href":"https:\/\/verdadesenoticias.com.br\/site\/wp-json\/wp\/v2\/users\/1"}],"replies":[{"embeddable":true,"href":"https:\/\/verdadesenoticias.com.br\/site\/wp-json\/wp\/v2\/comments?post=3028"}],"version-history":[{"count":1,"href":"https:\/\/verdadesenoticias.com.br\/site\/wp-json\/wp\/v2\/posts\/3028\/revisions"}],"predecessor-version":[{"id":3030,"href":"https:\/\/verdadesenoticias.com.br\/site\/wp-json\/wp\/v2\/posts\/3028\/revisions\/3030"}],"wp:featuredmedia":[{"embeddable":true,"href":"https:\/\/verdadesenoticias.com.br\/site\/wp-json\/wp\/v2\/media\/3029"}],"wp:attachment":[{"href":"https:\/\/verdadesenoticias.com.br\/site\/wp-json\/wp\/v2\/media?parent=3028"}],"wp:term":[{"taxonomy":"category","embeddable":true,"href":"https:\/\/verdadesenoticias.com.br\/site\/wp-json\/wp\/v2\/categories?post=3028"},{"taxonomy":"post_tag","embeddable":true,"href":"https:\/\/verdadesenoticias.com.br\/site\/wp-json\/wp\/v2\/tags?post=3028"}],"curies":[{"name":"wp","href":"https:\/\/api.w.org\/{rel}","templated":true}]}}