{"id":3034,"date":"2026-07-02T15:15:07","date_gmt":"2026-07-02T18:15:07","guid":{"rendered":"https:\/\/verdadesenoticias.com.br\/site\/?p=3034"},"modified":"2026-07-30T14:01:39","modified_gmt":"2026-07-30T17:01:39","slug":"o-presidente-luiz-inacio-lula-da-silva-protagonizou-um-momento","status":"publish","type":"post","link":"https:\/\/verdadesenoticias.com.br\/site\/o-presidente-luiz-inacio-lula-da-silva-protagonizou-um-momento\/","title":{"rendered":"O presidente Luiz In\u00e1cio Lula da Silva protagonizou um momento"},"content":{"rendered":"<p>O presidente Luiz In\u00e1cio Lula da Silva protagonizou um momento de intensa repercuss\u00e3o pol\u00edtica ao se referir publicamente a Jaques Wagner como \u201cirm\u00e3o\u201d. O gesto, embora pare\u00e7a apenas uma demonstra\u00e7\u00e3o de proximidade pessoal, foi lido por analistas como um sinal de descontentamento de Lula com setores do pr\u00f3prio Planalto que v\u00eam questionando a influ\u00eancia e as decis\u00f5es de Wagner. Ao elevar Wagner a esse patamar de confian\u00e7a incondicional, Lula contraria uma ala influente do governo, sinalizando que, no xadrez interno, a alian\u00e7a com seu \u201cirm\u00e3o\u201d de longa data segue sendo inegoci\u00e1vel e estrat\u00e9gica.<br \/>\n Hashtags: Planalto<\/p>\n","protected":false},"excerpt":{"rendered":"<p>O presidente Luiz In\u00e1cio Lula da Silva protagonizou um momento de intensa repercuss\u00e3o pol\u00edtica ao se referir publicamente a Jaques Wagner como \u201cirm\u00e3o\u201d. O gesto, embora pare\u00e7a apenas uma demonstra\u00e7\u00e3o de proximidade pessoal, foi lido por analistas como um sinal de descontentamento de Lula com setores do pr\u00f3prio Planalto que v\u00eam questionando a influ\u00eancia e [&hellip;]<\/p>\n","protected":false},"author":1,"featured_media":3035,"comment_status":"open","ping_status":"open","sticky":false,"template":"","format":"standard","meta":{"footnotes":""},"categories":[1],"tags":[],"class_list":["post-3034","post","type-post","status-publish","format-standard","has-post-thumbnail","hentry","category-sem-categoria"],"_links":{"self":[{"href":"https:\/\/verdadesenoticias.com.br\/site\/wp-json\/wp\/v2\/posts\/3034","targetHints":{"allow":["GET"]}}],"collection":[{"href":"https:\/\/verdadesenoticias.com.br\/site\/wp-json\/wp\/v2\/posts"}],"about":[{"href":"https:\/\/verdadesenoticias.com.br\/site\/wp-json\/wp\/v2\/types\/post"}],"author":[{"embeddable":true,"href":"https:\/\/verdadesenoticias.com.br\/site\/wp-json\/wp\/v2\/users\/1"}],"replies":[{"embeddable":true,"href":"https:\/\/verdadesenoticias.com.br\/site\/wp-json\/wp\/v2\/comments?post=3034"}],"version-history":[{"count":1,"href":"https:\/\/verdadesenoticias.com.br\/site\/wp-json\/wp\/v2\/posts\/3034\/revisions"}],"predecessor-version":[{"id":3036,"href":"https:\/\/verdadesenoticias.com.br\/site\/wp-json\/wp\/v2\/posts\/3034\/revisions\/3036"}],"wp:featuredmedia":[{"embeddable":true,"href":"https:\/\/verdadesenoticias.com.br\/site\/wp-json\/wp\/v2\/media\/3035"}],"wp:attachment":[{"href":"https:\/\/verdadesenoticias.com.br\/site\/wp-json\/wp\/v2\/media?parent=3034"}],"wp:term":[{"taxonomy":"category","embeddable":true,"href":"https:\/\/verdadesenoticias.com.br\/site\/wp-json\/wp\/v2\/categories?post=3034"},{"taxonomy":"post_tag","embeddable":true,"href":"https:\/\/verdadesenoticias.com.br\/site\/wp-json\/wp\/v2\/tags?post=3034"}],"curies":[{"name":"wp","href":"https:\/\/api.w.org\/{rel}","templated":true}]}}