{"id":3040,"date":"2026-07-02T16:20:05","date_gmt":"2026-07-02T19:20:05","guid":{"rendered":"https:\/\/verdadesenoticias.com.br\/site\/?p=3040"},"modified":"2026-07-30T14:01:41","modified_gmt":"2026-07-30T17:01:41","slug":"o-clima-esquentou-nos-bastidores-da-politica-nacional-o-governador","status":"publish","type":"post","link":"https:\/\/verdadesenoticias.com.br\/site\/o-clima-esquentou-nos-bastidores-da-politica-nacional-o-governador\/","title":{"rendered":"O clima esquentou nos bastidores da pol\u00edtica nacional. O governador"},"content":{"rendered":"<p>O clima esquentou nos bastidores da pol\u00edtica nacional. O governador Ronaldo Caiado n\u00e3o economizou nas cr\u00edticas ao anunciar Kassab como vice, aproveitando a ocasi\u00e3o para enviar uma alfinetada direta a Geraldo Alckmin. Para Caiado, a constru\u00e7\u00e3o de uma chapa exige compromisso pr\u00e1tico com a gest\u00e3o e com o pa\u00eds, disparando a frase: \u201cn\u00e3o \u00e9 s\u00f3 para tirar fotos\u201d. O coment\u00e1rio foi interpretado como uma cr\u00edtica \u00e0 postura de Alckmin e um recado sobre a necessidade de alian\u00e7as que entreguem resultados concretos, evidenciando as diverg\u00eancias profundas que podem separar grupos pol\u00edticos importantes na pr\u00f3xima elei\u00e7\u00e3o presidencial.<br \/>\n Hashtags: Congresso<\/p>\n","protected":false},"excerpt":{"rendered":"<p>O clima esquentou nos bastidores da pol\u00edtica nacional. O governador Ronaldo Caiado n\u00e3o economizou nas cr\u00edticas ao anunciar Kassab como vice, aproveitando a ocasi\u00e3o para enviar uma alfinetada direta a Geraldo Alckmin. Para Caiado, a constru\u00e7\u00e3o de uma chapa exige compromisso pr\u00e1tico com a gest\u00e3o e com o pa\u00eds, disparando a frase: \u201cn\u00e3o \u00e9 s\u00f3 [&hellip;]<\/p>\n","protected":false},"author":1,"featured_media":3041,"comment_status":"open","ping_status":"open","sticky":false,"template":"","format":"standard","meta":{"footnotes":""},"categories":[1],"tags":[],"class_list":["post-3040","post","type-post","status-publish","format-standard","has-post-thumbnail","hentry","category-sem-categoria"],"_links":{"self":[{"href":"https:\/\/verdadesenoticias.com.br\/site\/wp-json\/wp\/v2\/posts\/3040","targetHints":{"allow":["GET"]}}],"collection":[{"href":"https:\/\/verdadesenoticias.com.br\/site\/wp-json\/wp\/v2\/posts"}],"about":[{"href":"https:\/\/verdadesenoticias.com.br\/site\/wp-json\/wp\/v2\/types\/post"}],"author":[{"embeddable":true,"href":"https:\/\/verdadesenoticias.com.br\/site\/wp-json\/wp\/v2\/users\/1"}],"replies":[{"embeddable":true,"href":"https:\/\/verdadesenoticias.com.br\/site\/wp-json\/wp\/v2\/comments?post=3040"}],"version-history":[{"count":1,"href":"https:\/\/verdadesenoticias.com.br\/site\/wp-json\/wp\/v2\/posts\/3040\/revisions"}],"predecessor-version":[{"id":3042,"href":"https:\/\/verdadesenoticias.com.br\/site\/wp-json\/wp\/v2\/posts\/3040\/revisions\/3042"}],"wp:featuredmedia":[{"embeddable":true,"href":"https:\/\/verdadesenoticias.com.br\/site\/wp-json\/wp\/v2\/media\/3041"}],"wp:attachment":[{"href":"https:\/\/verdadesenoticias.com.br\/site\/wp-json\/wp\/v2\/media?parent=3040"}],"wp:term":[{"taxonomy":"category","embeddable":true,"href":"https:\/\/verdadesenoticias.com.br\/site\/wp-json\/wp\/v2\/categories?post=3040"},{"taxonomy":"post_tag","embeddable":true,"href":"https:\/\/verdadesenoticias.com.br\/site\/wp-json\/wp\/v2\/tags?post=3040"}],"curies":[{"name":"wp","href":"https:\/\/api.w.org\/{rel}","templated":true}]}}