{"id":3043,"date":"2026-07-02T16:55:06","date_gmt":"2026-07-02T19:55:06","guid":{"rendered":"https:\/\/verdadesenoticias.com.br\/site\/?p=3043"},"modified":"2026-07-30T14:01:43","modified_gmt":"2026-07-30T17:01:43","slug":"fim-da-linha-para-a-suecia-%f0%9f%87%b8%f0%9f%87%aa%f0%9f%8c%a7%ef%b8%8f-a-selecao-sueca","status":"publish","type":"post","link":"https:\/\/verdadesenoticias.com.br\/site\/fim-da-linha-para-a-suecia-%f0%9f%87%b8%f0%9f%87%aa%f0%9f%8c%a7%ef%b8%8f-a-selecao-sueca\/","title":{"rendered":"Fim da linha para a Su\u00e9cia! \ud83c\uddf8\ud83c\uddea\ud83c\udf27\ufe0f A sele\u00e7\u00e3o sueca"},"content":{"rendered":"<p>Fim da linha para a Su\u00e9cia! \ud83c\uddf8\ud83c\uddea\ud83c\udf27\ufe0f<br \/>\nA sele\u00e7\u00e3o sueca se despede mais cedo do que a sua torcida esperava e est\u00e1 oficialmente eliminada nos 16-avos de final da Copa do Mundo.<br \/>\nApesar de contar com uma gera\u00e7\u00e3o talentosa no ataque, com nomes de peso como Alexander Isak e Viktor Gy\u00f6keres, a equipe n\u00e3o conseguiu segurar a press\u00e3o do mata-mata e d\u00e1 adeus \u00e0 busca pelo t\u00edtulo mundial. Um verdadeiro banho de \u00e1gua fria nas esperan\u00e7as do pa\u00eds.<br \/>\nA imagem dolorosa da elimina\u00e7\u00e3o, transmitida pela Caz\u00e9TV, j\u00e1 marca o fim de um ciclo para os suecos nesta edi\u00e7\u00e3o do torneio.<br \/>\n E para voc\u00ea: Faltou futebol ou sobrou azar para a Su\u00e9cia nesta Copa? Deixe sua opini\u00e3o nos coment\u00e1rios!<br \/>\nIsak Gyokeres MataMata<\/p>\n","protected":false},"excerpt":{"rendered":"<p>Fim da linha para a Su\u00e9cia! \ud83c\uddf8\ud83c\uddea\ud83c\udf27\ufe0f A sele\u00e7\u00e3o sueca se despede mais cedo do que a sua torcida esperava e est\u00e1 oficialmente eliminada nos 16-avos de final da Copa do Mundo. Apesar de contar com uma gera\u00e7\u00e3o talentosa no ataque, com nomes de peso como Alexander Isak e Viktor Gy\u00f6keres, a equipe n\u00e3o conseguiu [&hellip;]<\/p>\n","protected":false},"author":1,"featured_media":3044,"comment_status":"open","ping_status":"open","sticky":false,"template":"","format":"standard","meta":{"footnotes":""},"categories":[1],"tags":[],"class_list":["post-3043","post","type-post","status-publish","format-standard","has-post-thumbnail","hentry","category-sem-categoria"],"_links":{"self":[{"href":"https:\/\/verdadesenoticias.com.br\/site\/wp-json\/wp\/v2\/posts\/3043","targetHints":{"allow":["GET"]}}],"collection":[{"href":"https:\/\/verdadesenoticias.com.br\/site\/wp-json\/wp\/v2\/posts"}],"about":[{"href":"https:\/\/verdadesenoticias.com.br\/site\/wp-json\/wp\/v2\/types\/post"}],"author":[{"embeddable":true,"href":"https:\/\/verdadesenoticias.com.br\/site\/wp-json\/wp\/v2\/users\/1"}],"replies":[{"embeddable":true,"href":"https:\/\/verdadesenoticias.com.br\/site\/wp-json\/wp\/v2\/comments?post=3043"}],"version-history":[{"count":1,"href":"https:\/\/verdadesenoticias.com.br\/site\/wp-json\/wp\/v2\/posts\/3043\/revisions"}],"predecessor-version":[{"id":3045,"href":"https:\/\/verdadesenoticias.com.br\/site\/wp-json\/wp\/v2\/posts\/3043\/revisions\/3045"}],"wp:featuredmedia":[{"embeddable":true,"href":"https:\/\/verdadesenoticias.com.br\/site\/wp-json\/wp\/v2\/media\/3044"}],"wp:attachment":[{"href":"https:\/\/verdadesenoticias.com.br\/site\/wp-json\/wp\/v2\/media?parent=3043"}],"wp:term":[{"taxonomy":"category","embeddable":true,"href":"https:\/\/verdadesenoticias.com.br\/site\/wp-json\/wp\/v2\/categories?post=3043"},{"taxonomy":"post_tag","embeddable":true,"href":"https:\/\/verdadesenoticias.com.br\/site\/wp-json\/wp\/v2\/tags?post=3043"}],"curies":[{"name":"wp","href":"https:\/\/api.w.org\/{rel}","templated":true}]}}