{"id":3064,"date":"2026-07-02T20:45:08","date_gmt":"2026-07-02T23:45:08","guid":{"rendered":"https:\/\/verdadesenoticias.com.br\/site\/?p=3064"},"modified":"2026-07-30T14:01:50","modified_gmt":"2026-07-30T17:01:50","slug":"o-sonho-de-vestir-a-beca-e-segurar-o-diploma","status":"publish","type":"post","link":"https:\/\/verdadesenoticias.com.br\/site\/o-sonho-de-vestir-a-beca-e-segurar-o-diploma\/","title":{"rendered":"O sonho de vestir a beca e segurar o diploma"},"content":{"rendered":"<p>O sonho de vestir a beca e segurar o diploma acaba de se tornar realidade!  Alunos de baixa renda do DF garantiram o direito de celebrar suas formaturas sem colocar a m\u00e3o no bolso. O fim das taxas abusivas e dos custos exorbitantes \u00e9 um marco hist\u00f3rico para a inclus\u00e3o na educa\u00e7\u00e3o. Afinal, a celebra\u00e7\u00e3o do esfor\u00e7o e da supera\u00e7\u00e3o n\u00e3o deveria ser um luxo para poucos, mas um direito de todos. Marque aqui aquele amigo que vai adorar saber dessa conquista e bora comemorar!<br \/>\nHashtags:<br \/>\nbrasilia conquista estudantes vitoria direitos ensino universidade escola oportunidade futuro noticiasdf jornalismo sociedade orgulho diploma sonho realizacao noticiaboa viral compartilhe mudanca acao estudos educacaopublica esperanca<\/p>\n","protected":false},"excerpt":{"rendered":"<p>O sonho de vestir a beca e segurar o diploma acaba de se tornar realidade! Alunos de baixa renda do DF garantiram o direito de celebrar suas formaturas sem colocar a m\u00e3o no bolso. O fim das taxas abusivas e dos custos exorbitantes \u00e9 um marco hist\u00f3rico para a inclus\u00e3o na educa\u00e7\u00e3o. Afinal, a celebra\u00e7\u00e3o [&hellip;]<\/p>\n","protected":false},"author":1,"featured_media":3065,"comment_status":"open","ping_status":"open","sticky":false,"template":"","format":"standard","meta":{"footnotes":""},"categories":[1],"tags":[],"class_list":["post-3064","post","type-post","status-publish","format-standard","has-post-thumbnail","hentry","category-sem-categoria"],"_links":{"self":[{"href":"https:\/\/verdadesenoticias.com.br\/site\/wp-json\/wp\/v2\/posts\/3064","targetHints":{"allow":["GET"]}}],"collection":[{"href":"https:\/\/verdadesenoticias.com.br\/site\/wp-json\/wp\/v2\/posts"}],"about":[{"href":"https:\/\/verdadesenoticias.com.br\/site\/wp-json\/wp\/v2\/types\/post"}],"author":[{"embeddable":true,"href":"https:\/\/verdadesenoticias.com.br\/site\/wp-json\/wp\/v2\/users\/1"}],"replies":[{"embeddable":true,"href":"https:\/\/verdadesenoticias.com.br\/site\/wp-json\/wp\/v2\/comments?post=3064"}],"version-history":[{"count":1,"href":"https:\/\/verdadesenoticias.com.br\/site\/wp-json\/wp\/v2\/posts\/3064\/revisions"}],"predecessor-version":[{"id":3066,"href":"https:\/\/verdadesenoticias.com.br\/site\/wp-json\/wp\/v2\/posts\/3064\/revisions\/3066"}],"wp:featuredmedia":[{"embeddable":true,"href":"https:\/\/verdadesenoticias.com.br\/site\/wp-json\/wp\/v2\/media\/3065"}],"wp:attachment":[{"href":"https:\/\/verdadesenoticias.com.br\/site\/wp-json\/wp\/v2\/media?parent=3064"}],"wp:term":[{"taxonomy":"category","embeddable":true,"href":"https:\/\/verdadesenoticias.com.br\/site\/wp-json\/wp\/v2\/categories?post=3064"},{"taxonomy":"post_tag","embeddable":true,"href":"https:\/\/verdadesenoticias.com.br\/site\/wp-json\/wp\/v2\/tags?post=3064"}],"curies":[{"name":"wp","href":"https:\/\/api.w.org\/{rel}","templated":true}]}}