{"id":3074,"date":"2026-07-30T09:41:09","date_gmt":"2026-07-30T12:41:09","guid":{"rendered":"https:\/\/verdadesenoticias.com.br\/site\/?p=3074"},"modified":"2026-07-30T14:01:57","modified_gmt":"2026-07-30T17:01:57","slug":"os-bastidores-da-politica-no-distrito-federal-seguem-agitados-segundo","status":"publish","type":"post","link":"https:\/\/verdadesenoticias.com.br\/site\/os-bastidores-da-politica-no-distrito-federal-seguem-agitados-segundo\/","title":{"rendered":"Os bastidores da pol\u00edtica no Distrito Federal seguem agitados. Segundo"},"content":{"rendered":"<p>Os bastidores da pol\u00edtica no Distrito Federal seguem agitados. Segundo informa\u00e7\u00f5es que circulam entre aliados, h\u00e1 uma forte articula\u00e7\u00e3o para que Paula Belmonte componha a chapa como candidata a vice de Jos\u00e9 Roberto Arruda. A poss\u00edvel alian\u00e7a promete mexer com o cen\u00e1rio pol\u00edtico da capital, unindo lideran\u00e7as de peso e desenhando um novo xadrez eleitoral para os eleitores brasilienses.<br \/>\nHashtags:<\/p>\n","protected":false},"excerpt":{"rendered":"<p>Os bastidores da pol\u00edtica no Distrito Federal seguem agitados. Segundo informa\u00e7\u00f5es que circulam entre aliados, h\u00e1 uma forte articula\u00e7\u00e3o para que Paula Belmonte componha a chapa como candidata a vice de Jos\u00e9 Roberto Arruda. A poss\u00edvel alian\u00e7a promete mexer com o cen\u00e1rio pol\u00edtico da capital, unindo lideran\u00e7as de peso e desenhando um novo xadrez eleitoral [&hellip;]<\/p>\n","protected":false},"author":1,"featured_media":3075,"comment_status":"open","ping_status":"open","sticky":false,"template":"","format":"standard","meta":{"footnotes":""},"categories":[1],"tags":[],"class_list":["post-3074","post","type-post","status-publish","format-standard","has-post-thumbnail","hentry","category-sem-categoria"],"_links":{"self":[{"href":"https:\/\/verdadesenoticias.com.br\/site\/wp-json\/wp\/v2\/posts\/3074","targetHints":{"allow":["GET"]}}],"collection":[{"href":"https:\/\/verdadesenoticias.com.br\/site\/wp-json\/wp\/v2\/posts"}],"about":[{"href":"https:\/\/verdadesenoticias.com.br\/site\/wp-json\/wp\/v2\/types\/post"}],"author":[{"embeddable":true,"href":"https:\/\/verdadesenoticias.com.br\/site\/wp-json\/wp\/v2\/users\/1"}],"replies":[{"embeddable":true,"href":"https:\/\/verdadesenoticias.com.br\/site\/wp-json\/wp\/v2\/comments?post=3074"}],"version-history":[{"count":1,"href":"https:\/\/verdadesenoticias.com.br\/site\/wp-json\/wp\/v2\/posts\/3074\/revisions"}],"predecessor-version":[{"id":3076,"href":"https:\/\/verdadesenoticias.com.br\/site\/wp-json\/wp\/v2\/posts\/3074\/revisions\/3076"}],"wp:featuredmedia":[{"embeddable":true,"href":"https:\/\/verdadesenoticias.com.br\/site\/wp-json\/wp\/v2\/media\/3075"}],"wp:attachment":[{"href":"https:\/\/verdadesenoticias.com.br\/site\/wp-json\/wp\/v2\/media?parent=3074"}],"wp:term":[{"taxonomy":"category","embeddable":true,"href":"https:\/\/verdadesenoticias.com.br\/site\/wp-json\/wp\/v2\/categories?post=3074"},{"taxonomy":"post_tag","embeddable":true,"href":"https:\/\/verdadesenoticias.com.br\/site\/wp-json\/wp\/v2\/tags?post=3074"}],"curies":[{"name":"wp","href":"https:\/\/api.w.org\/{rel}","templated":true}]}}