{"id":3077,"date":"2026-07-30T11:44:56","date_gmt":"2026-07-30T14:44:56","guid":{"rendered":"https:\/\/verdadesenoticias.com.br\/site\/?p=3077"},"modified":"2026-07-30T14:01:58","modified_gmt":"2026-07-30T17:01:58","slug":"em-um-movimento-surpreendente-o-irmao-do-governador-ibaneis-rocha","status":"publish","type":"post","link":"https:\/\/verdadesenoticias.com.br\/site\/em-um-movimento-surpreendente-o-irmao-do-governador-ibaneis-rocha\/","title":{"rendered":"Em um movimento surpreendente, o irm\u00e3o do governador Ibaneis Rocha"},"content":{"rendered":"<p>Em um movimento surpreendente, o irm\u00e3o do governador Ibaneis Rocha anunciou sua desist\u00eancia de disputar as elei\u00e7\u00f5es. Em declara\u00e7\u00e3o, ele admitiu que a decis\u00e3o &#8220;n\u00e3o foi f\u00e1cil&#8221;. A sa\u00edda de cena repentina altera as proje\u00e7\u00f5es pol\u00edticas no DF e exige uma r\u00e1pida reorganiza\u00e7\u00e3o das bases para preencher a lacuna deixada por sua pr\u00e9-candidatura.<br \/>\nHashtags:<\/p>\n","protected":false},"excerpt":{"rendered":"<p>Em um movimento surpreendente, o irm\u00e3o do governador Ibaneis Rocha anunciou sua desist\u00eancia de disputar as elei\u00e7\u00f5es. Em declara\u00e7\u00e3o, ele admitiu que a decis\u00e3o &#8220;n\u00e3o foi f\u00e1cil&#8221;. A sa\u00edda de cena repentina altera as proje\u00e7\u00f5es pol\u00edticas no DF e exige uma r\u00e1pida reorganiza\u00e7\u00e3o das bases para preencher a lacuna deixada por sua pr\u00e9-candidatura. Hashtags:<\/p>\n","protected":false},"author":1,"featured_media":3078,"comment_status":"open","ping_status":"open","sticky":false,"template":"","format":"standard","meta":{"footnotes":""},"categories":[1],"tags":[],"class_list":["post-3077","post","type-post","status-publish","format-standard","has-post-thumbnail","hentry","category-sem-categoria"],"_links":{"self":[{"href":"https:\/\/verdadesenoticias.com.br\/site\/wp-json\/wp\/v2\/posts\/3077","targetHints":{"allow":["GET"]}}],"collection":[{"href":"https:\/\/verdadesenoticias.com.br\/site\/wp-json\/wp\/v2\/posts"}],"about":[{"href":"https:\/\/verdadesenoticias.com.br\/site\/wp-json\/wp\/v2\/types\/post"}],"author":[{"embeddable":true,"href":"https:\/\/verdadesenoticias.com.br\/site\/wp-json\/wp\/v2\/users\/1"}],"replies":[{"embeddable":true,"href":"https:\/\/verdadesenoticias.com.br\/site\/wp-json\/wp\/v2\/comments?post=3077"}],"version-history":[{"count":1,"href":"https:\/\/verdadesenoticias.com.br\/site\/wp-json\/wp\/v2\/posts\/3077\/revisions"}],"predecessor-version":[{"id":3079,"href":"https:\/\/verdadesenoticias.com.br\/site\/wp-json\/wp\/v2\/posts\/3077\/revisions\/3079"}],"wp:featuredmedia":[{"embeddable":true,"href":"https:\/\/verdadesenoticias.com.br\/site\/wp-json\/wp\/v2\/media\/3078"}],"wp:attachment":[{"href":"https:\/\/verdadesenoticias.com.br\/site\/wp-json\/wp\/v2\/media?parent=3077"}],"wp:term":[{"taxonomy":"category","embeddable":true,"href":"https:\/\/verdadesenoticias.com.br\/site\/wp-json\/wp\/v2\/categories?post=3077"},{"taxonomy":"post_tag","embeddable":true,"href":"https:\/\/verdadesenoticias.com.br\/site\/wp-json\/wp\/v2\/tags?post=3077"}],"curies":[{"name":"wp","href":"https:\/\/api.w.org\/{rel}","templated":true}]}}