{"id":3083,"date":"2026-07-30T13:06:06","date_gmt":"2026-07-30T16:06:06","guid":{"rendered":"https:\/\/verdadesenoticias.com.br\/site\/?p=3083"},"modified":"2026-07-30T14:02:00","modified_gmt":"2026-07-30T17:02:00","slug":"as-costuras-eleitorais-estao-a-todo-vapor-em-brasilia-celina","status":"publish","type":"post","link":"https:\/\/verdadesenoticias.com.br\/site\/as-costuras-eleitorais-estao-a-todo-vapor-em-brasilia-celina\/","title":{"rendered":"As costuras eleitorais est\u00e3o a todo vapor em Bras\u00edlia. Celina"},"content":{"rendered":"<p>As costuras eleitorais est\u00e3o a todo vapor em Bras\u00edlia. Celina Le\u00e3o acenou para o MDB oferecendo um cobi\u00e7ado espa\u00e7o na chapa majorit\u00e1ria. O nome de Rafael Prudente \u00e9 o mais cotado para assumir a vaga, fortalecendo a alian\u00e7a pol\u00edtica para a pr\u00f3xima disputa nas urnas e consolidando apoios cruciais para a corrida eleitoral.<br \/>\nHashtags:<br \/>\nBrasilia VerdadesENoticias<\/p>\n","protected":false},"excerpt":{"rendered":"<p>As costuras eleitorais est\u00e3o a todo vapor em Bras\u00edlia. Celina Le\u00e3o acenou para o MDB oferecendo um cobi\u00e7ado espa\u00e7o na chapa majorit\u00e1ria. O nome de Rafael Prudente \u00e9 o mais cotado para assumir a vaga, fortalecendo a alian\u00e7a pol\u00edtica para a pr\u00f3xima disputa nas urnas e consolidando apoios cruciais para a corrida eleitoral. Hashtags: Brasilia [&hellip;]<\/p>\n","protected":false},"author":1,"featured_media":3084,"comment_status":"open","ping_status":"open","sticky":false,"template":"","format":"standard","meta":{"footnotes":""},"categories":[1],"tags":[],"class_list":["post-3083","post","type-post","status-publish","format-standard","has-post-thumbnail","hentry","category-sem-categoria"],"_links":{"self":[{"href":"https:\/\/verdadesenoticias.com.br\/site\/wp-json\/wp\/v2\/posts\/3083","targetHints":{"allow":["GET"]}}],"collection":[{"href":"https:\/\/verdadesenoticias.com.br\/site\/wp-json\/wp\/v2\/posts"}],"about":[{"href":"https:\/\/verdadesenoticias.com.br\/site\/wp-json\/wp\/v2\/types\/post"}],"author":[{"embeddable":true,"href":"https:\/\/verdadesenoticias.com.br\/site\/wp-json\/wp\/v2\/users\/1"}],"replies":[{"embeddable":true,"href":"https:\/\/verdadesenoticias.com.br\/site\/wp-json\/wp\/v2\/comments?post=3083"}],"version-history":[{"count":1,"href":"https:\/\/verdadesenoticias.com.br\/site\/wp-json\/wp\/v2\/posts\/3083\/revisions"}],"predecessor-version":[{"id":3085,"href":"https:\/\/verdadesenoticias.com.br\/site\/wp-json\/wp\/v2\/posts\/3083\/revisions\/3085"}],"wp:featuredmedia":[{"embeddable":true,"href":"https:\/\/verdadesenoticias.com.br\/site\/wp-json\/wp\/v2\/media\/3084"}],"wp:attachment":[{"href":"https:\/\/verdadesenoticias.com.br\/site\/wp-json\/wp\/v2\/media?parent=3083"}],"wp:term":[{"taxonomy":"category","embeddable":true,"href":"https:\/\/verdadesenoticias.com.br\/site\/wp-json\/wp\/v2\/categories?post=3083"},{"taxonomy":"post_tag","embeddable":true,"href":"https:\/\/verdadesenoticias.com.br\/site\/wp-json\/wp\/v2\/tags?post=3083"}],"curies":[{"name":"wp","href":"https:\/\/api.w.org\/{rel}","templated":true}]}}