{"id":3093,"date":"2026-07-30T00:00:00","date_gmt":"2026-07-30T03:00:00","guid":{"rendered":"https:\/\/verdadesenoticias.com.br\/site\/reforco-na-saude-df-lanca-edital-para-contratacao-de-medicos\/"},"modified":"2026-07-30T00:00:00","modified_gmt":"2026-07-30T03:00:00","slug":"reforco-na-saude-df-lanca-edital-para-contratacao-de-medicos","status":"publish","type":"post","link":"https:\/\/verdadesenoticias.com.br\/site\/reforco-na-saude-df-lanca-edital-para-contratacao-de-medicos\/","title":{"rendered":"Refor\u00e7o na Sa\u00fade: DF lan\u00e7a edital para contrata\u00e7\u00e3o de m\u00e9dicos"},"content":{"rendered":"<p>Uma medida aguardada para a rede p\u00fablica de sa\u00fade do Distrito Federal foi anunciada. A Secretaria de Sa\u00fade acaba de lan\u00e7ar um novo edital com o objetivo de contratar 320 m\u00e9dicos tempor\u00e1rios. A a\u00e7\u00e3o emergencial visa aliviar a sobrecarga nos hospitais, reduzir o tempo de espera dos pacientes e garantir um atendimento mais digno \u00e0 popula\u00e7\u00e3o brasiliense.<\/p>\n","protected":false},"excerpt":{"rendered":"<p>Uma medida aguardada para a rede p\u00fablica de sa\u00fade do Distrito Federal foi anunciada. A Secretaria de Sa\u00fade acaba de lan\u00e7ar um novo edital com o objetivo de contratar 320 m\u00e9dicos tempor\u00e1rios. A a\u00e7\u00e3o emergencial visa aliviar a sobrecarga nos hospitais, reduzir o tempo de espera dos pacientes e garantir um atendimento mais digno \u00e0 [&hellip;]<\/p>\n","protected":false},"author":1,"featured_media":3092,"comment_status":"open","ping_status":"open","sticky":false,"template":"","format":"standard","meta":{"footnotes":""},"categories":[1],"tags":[],"class_list":["post-3093","post","type-post","status-publish","format-standard","has-post-thumbnail","hentry","category-sem-categoria"],"_links":{"self":[{"href":"https:\/\/verdadesenoticias.com.br\/site\/wp-json\/wp\/v2\/posts\/3093","targetHints":{"allow":["GET"]}}],"collection":[{"href":"https:\/\/verdadesenoticias.com.br\/site\/wp-json\/wp\/v2\/posts"}],"about":[{"href":"https:\/\/verdadesenoticias.com.br\/site\/wp-json\/wp\/v2\/types\/post"}],"author":[{"embeddable":true,"href":"https:\/\/verdadesenoticias.com.br\/site\/wp-json\/wp\/v2\/users\/1"}],"replies":[{"embeddable":true,"href":"https:\/\/verdadesenoticias.com.br\/site\/wp-json\/wp\/v2\/comments?post=3093"}],"version-history":[{"count":0,"href":"https:\/\/verdadesenoticias.com.br\/site\/wp-json\/wp\/v2\/posts\/3093\/revisions"}],"wp:featuredmedia":[{"embeddable":true,"href":"https:\/\/verdadesenoticias.com.br\/site\/wp-json\/wp\/v2\/media\/3092"}],"wp:attachment":[{"href":"https:\/\/verdadesenoticias.com.br\/site\/wp-json\/wp\/v2\/media?parent=3093"}],"wp:term":[{"taxonomy":"category","embeddable":true,"href":"https:\/\/verdadesenoticias.com.br\/site\/wp-json\/wp\/v2\/categories?post=3093"},{"taxonomy":"post_tag","embeddable":true,"href":"https:\/\/verdadesenoticias.com.br\/site\/wp-json\/wp\/v2\/tags?post=3093"}],"curies":[{"name":"wp","href":"https:\/\/api.w.org\/{rel}","templated":true}]}}