{"id":3098,"date":"2026-07-30T03:00:00","date_gmt":"2026-07-30T06:00:00","guid":{"rendered":"https:\/\/verdadesenoticias.com.br\/site\/escandalo-no-judiciario-pf-investiga-venda-de-decisoes-no-stj\/"},"modified":"2026-07-30T03:00:00","modified_gmt":"2026-07-30T06:00:00","slug":"escandalo-no-judiciario-pf-investiga-venda-de-decisoes-no-stj","status":"publish","type":"post","link":"https:\/\/verdadesenoticias.com.br\/site\/escandalo-no-judiciario-pf-investiga-venda-de-decisoes-no-stj\/","title":{"rendered":"Esc\u00e2ndalo no Judici\u00e1rio: PF investiga venda de decis\u00f5es no STJ"},"content":{"rendered":"<p>A Pol\u00edcia Federal abriu uma grave investiga\u00e7\u00e3o sobre um suposto esquema de venda de decis\u00f5es dentro do Superior Tribunal de Justi\u00e7a (STJ). No centro das suspeitas est\u00e1 o empres\u00e1rio Luiz Estev\u00e3o, que teria sido diretamente beneficiado pelas manobras judiciais. O caso, que ainda est\u00e1 em fase de apura\u00e7\u00e3o, levanta fortes questionamentos sobre a integridade e os bastidores das decis\u00f5es nos tribunais superiores.<\/p>\n","protected":false},"excerpt":{"rendered":"<p>A Pol\u00edcia Federal abriu uma grave investiga\u00e7\u00e3o sobre um suposto esquema de venda de decis\u00f5es dentro do Superior Tribunal de Justi\u00e7a (STJ). No centro das suspeitas est\u00e1 o empres\u00e1rio Luiz Estev\u00e3o, que teria sido diretamente beneficiado pelas manobras judiciais. O caso, que ainda est\u00e1 em fase de apura\u00e7\u00e3o, levanta fortes questionamentos sobre a integridade e [&hellip;]<\/p>\n","protected":false},"author":1,"featured_media":3097,"comment_status":"open","ping_status":"open","sticky":false,"template":"","format":"standard","meta":{"footnotes":""},"categories":[1],"tags":[],"class_list":["post-3098","post","type-post","status-publish","format-standard","has-post-thumbnail","hentry","category-sem-categoria"],"_links":{"self":[{"href":"https:\/\/verdadesenoticias.com.br\/site\/wp-json\/wp\/v2\/posts\/3098","targetHints":{"allow":["GET"]}}],"collection":[{"href":"https:\/\/verdadesenoticias.com.br\/site\/wp-json\/wp\/v2\/posts"}],"about":[{"href":"https:\/\/verdadesenoticias.com.br\/site\/wp-json\/wp\/v2\/types\/post"}],"author":[{"embeddable":true,"href":"https:\/\/verdadesenoticias.com.br\/site\/wp-json\/wp\/v2\/users\/1"}],"replies":[{"embeddable":true,"href":"https:\/\/verdadesenoticias.com.br\/site\/wp-json\/wp\/v2\/comments?post=3098"}],"version-history":[{"count":0,"href":"https:\/\/verdadesenoticias.com.br\/site\/wp-json\/wp\/v2\/posts\/3098\/revisions"}],"wp:featuredmedia":[{"embeddable":true,"href":"https:\/\/verdadesenoticias.com.br\/site\/wp-json\/wp\/v2\/media\/3097"}],"wp:attachment":[{"href":"https:\/\/verdadesenoticias.com.br\/site\/wp-json\/wp\/v2\/media?parent=3098"}],"wp:term":[{"taxonomy":"category","embeddable":true,"href":"https:\/\/verdadesenoticias.com.br\/site\/wp-json\/wp\/v2\/categories?post=3098"},{"taxonomy":"post_tag","embeddable":true,"href":"https:\/\/verdadesenoticias.com.br\/site\/wp-json\/wp\/v2\/tags?post=3098"}],"curies":[{"name":"wp","href":"https:\/\/api.w.org\/{rel}","templated":true}]}}